{"id":4132,"date":"2023-09-15T08:13:44","date_gmt":"2023-09-15T06:13:44","guid":{"rendered":"https:\/\/www.nachhaltigkeit-ingna.ch\/wordpress\/?p=4132"},"modified":"2023-09-15T08:13:44","modified_gmt":"2023-09-15T06:13:44","slug":"cleanup-day-belastungen-reduzieren-genau-unser-ding","status":"publish","type":"post","link":"https:\/\/www.nachhaltigkeit-ingna.ch\/wordpress\/cleanup-day-belastungen-reduzieren-genau-unser-ding\/","title":{"rendered":"cleanup day &#8211; Belastungen reduzieren- genau unser Ding!"},"content":{"rendered":"<p>Morgen ist Welt cleanup Day- Aufr\u00e4umen ist angesagt.<\/p>\n<p>Wir engagieren uns &#8211; das Personal der ingna GmbH ist in der ganzen Schweiz verteilt.<\/p>\n<p>Umwelt f\u00e4ngt zuhause an! <a href=\"http:\/\/www.umwelt-ambulanz.ch\">www.umwelt-ambulanz.ch <\/a><\/p>\n<p>Machen auch Sie mit- ob f\u00fcr die Gesamtwelt \/ Ihre Gemeinde \/ Ihre Lieblings Arbeits- und Wohnumgebung.<\/p>\n<p>im voraus: Herzlichen Dank ihr Adrian Nussbaumer<\/p>\n","protected":false},"excerpt":{"rendered":"<p>Morgen ist Welt cleanup Day- Aufr\u00e4umen ist angesagt. Wir engagieren uns &#8211; das Personal der ingna GmbH ist in der ganzen Schweiz verteilt. Umwelt f\u00e4ngt zuhause an! www.umwelt-ambulanz.ch Machen auch Sie mit- ob f\u00fcr die Gesamtwelt \/ Ihre Gemeinde \/ Ihre Lieblings Arbeits- und Wohnumgebung. im voraus: Herzlichen Dank ihr Adrian Nussbaumer<\/p>\n","protected":false},"author":4,"featured_media":0,"comment_status":"open","ping_status":"open","sticky":false,"template":"","format":"standard","meta":{"footnotes":""},"categories":[11],"tags":[79,78,63],"_links":{"self":[{"href":"https:\/\/www.nachhaltigkeit-ingna.ch\/wordpress\/wp-json\/wp\/v2\/posts\/4132"}],"collection":[{"href":"https:\/\/www.nachhaltigkeit-ingna.ch\/wordpress\/wp-json\/wp\/v2\/posts"}],"about":[{"href":"https:\/\/www.nachhaltigkeit-ingna.ch\/wordpress\/wp-json\/wp\/v2\/types\/post"}],"author":[{"embeddable":true,"href":"https:\/\/www.nachhaltigkeit-ingna.ch\/wordpress\/wp-json\/wp\/v2\/users\/4"}],"replies":[{"embeddable":true,"href":"https:\/\/www.nachhaltigkeit-ingna.ch\/wordpress\/wp-json\/wp\/v2\/comments?post=4132"}],"version-history":[{"count":2,"href":"https:\/\/www.nachhaltigkeit-ingna.ch\/wordpress\/wp-json\/wp\/v2\/posts\/4132\/revisions"}],"predecessor-version":[{"id":4134,"href":"https:\/\/www.nachhaltigkeit-ingna.ch\/wordpress\/wp-json\/wp\/v2\/posts\/4132\/revisions\/4134"}],"wp:attachment":[{"href":"https:\/\/www.nachhaltigkeit-ingna.ch\/wordpress\/wp-json\/wp\/v2\/media?parent=4132"}],"wp:term":[{"taxonomy":"category","embeddable":true,"href":"https:\/\/www.nachhaltigkeit-ingna.ch\/wordpress\/wp-json\/wp\/v2\/categories?post=4132"},{"taxonomy":"post_tag","embeddable":true,"href":"https:\/\/www.nachhaltigkeit-ingna.ch\/wordpress\/wp-json\/wp\/v2\/tags?post=4132"}],"curies":[{"name":"wp","href":"https:\/\/api.w.org\/{rel}","templated":true}]}}