{"id":4094,"date":"2023-03-23T13:38:43","date_gmt":"2023-03-23T12:38:43","guid":{"rendered":"https:\/\/www.nachhaltigkeit-ingna.ch\/wordpress\/?p=4094"},"modified":"2023-03-23T13:44:30","modified_gmt":"2023-03-23T12:44:30","slug":"nationaler-tag-der-allergie-23-3-2023-schweiz","status":"publish","type":"post","link":"https:\/\/www.nachhaltigkeit-ingna.ch\/wordpress\/nationaler-tag-der-allergie-23-3-2023-schweiz\/","title":{"rendered":"Nationaler Tag der Allergie 23.3.2023 Schweiz"},"content":{"rendered":"<p><strong>Zunahme von Allergie X und starke Zunahme Allergie Y<\/strong><\/p>\n<p>so klingt es aus den Kreisen der Allerogolgen\u00a0 und Immunologen, auch von aha! Allergiezentrum Schweiz.<\/p>\n<p>Unsere Frage zu diesem speziellen Tag:<br \/>\nWir sind meist \u00fcber 90% der Tageszeit in Innenr\u00e4ume- was wird da getan?<\/p>\n<p>Wissen Sie es? Nein?.<\/p>\n<p>Wir helfen seit \u00fcber 20 Jahren in diesem Thema weiter!<br \/>\nNeu l\u00e4sst sich f\u00fcr Bauherren auch \u00fcber Epigenetik auch die Pr\u00e4disposition feststellen, welche Baumaterialien vertragen werden.<\/p>\n<p>&nbsp;<\/p>\n","protected":false},"excerpt":{"rendered":"<p>Zunahme von Allergie X und starke Zunahme Allergie Y so klingt es aus den Kreisen der Allerogolgen\u00a0 und Immunologen, auch von aha! Allergiezentrum Schweiz. Unsere Frage zu diesem speziellen Tag: Wir sind meist \u00fcber 90% der Tageszeit in Innenr\u00e4ume- was wird da getan? Wissen Sie es? Nein?. Wir helfen seit \u00fcber 20 Jahren in diesem [&hellip;]<\/p>\n","protected":false},"author":4,"featured_media":0,"comment_status":"open","ping_status":"open","sticky":false,"template":"","format":"standard","meta":{"footnotes":""},"categories":[17,11],"tags":[36,75,77,76],"_links":{"self":[{"href":"https:\/\/www.nachhaltigkeit-ingna.ch\/wordpress\/wp-json\/wp\/v2\/posts\/4094"}],"collection":[{"href":"https:\/\/www.nachhaltigkeit-ingna.ch\/wordpress\/wp-json\/wp\/v2\/posts"}],"about":[{"href":"https:\/\/www.nachhaltigkeit-ingna.ch\/wordpress\/wp-json\/wp\/v2\/types\/post"}],"author":[{"embeddable":true,"href":"https:\/\/www.nachhaltigkeit-ingna.ch\/wordpress\/wp-json\/wp\/v2\/users\/4"}],"replies":[{"embeddable":true,"href":"https:\/\/www.nachhaltigkeit-ingna.ch\/wordpress\/wp-json\/wp\/v2\/comments?post=4094"}],"version-history":[{"count":1,"href":"https:\/\/www.nachhaltigkeit-ingna.ch\/wordpress\/wp-json\/wp\/v2\/posts\/4094\/revisions"}],"predecessor-version":[{"id":4095,"href":"https:\/\/www.nachhaltigkeit-ingna.ch\/wordpress\/wp-json\/wp\/v2\/posts\/4094\/revisions\/4095"}],"wp:attachment":[{"href":"https:\/\/www.nachhaltigkeit-ingna.ch\/wordpress\/wp-json\/wp\/v2\/media?parent=4094"}],"wp:term":[{"taxonomy":"category","embeddable":true,"href":"https:\/\/www.nachhaltigkeit-ingna.ch\/wordpress\/wp-json\/wp\/v2\/categories?post=4094"},{"taxonomy":"post_tag","embeddable":true,"href":"https:\/\/www.nachhaltigkeit-ingna.ch\/wordpress\/wp-json\/wp\/v2\/tags?post=4094"}],"curies":[{"name":"wp","href":"https:\/\/api.w.org\/{rel}","templated":true}]}}