{"id":4048,"date":"2022-12-05T15:59:14","date_gmt":"2022-12-05T14:59:14","guid":{"rendered":"https:\/\/www.nachhaltigkeit-ingna.ch\/wordpress\/?p=4048"},"modified":"2022-12-05T15:59:19","modified_gmt":"2022-12-05T14:59:19","slug":"f-air-employed-wintersaison-openspace-buero-innenraeume-und-gesund","status":"publish","type":"post","link":"https:\/\/www.nachhaltigkeit-ingna.ch\/wordpress\/f-air-employed-wintersaison-openspace-buero-innenraeume-und-gesund\/","title":{"rendered":"#f AIR employed &#8211; Wintersaison  OpenSpace B\u00fcro-Innenr\u00e4ume und Gesund?"},"content":{"rendered":"<p>Die Zeit der K\u00e4lte kommt draussen! UND mit den drohenden Energieknappheit kommt sie auch drinnen?<br \/>\nIm B\u00fcro noch mehr als in den kleineren R\u00e4umen zuhause?<\/p>\n<p>Was schon immer wichtig war (#fAIRemployed) die Aufsichtspflicht des Arbeitsgebers f\u00fcr den Gesundheitsschutz der Mitarbeiter, erlangt nun eine v\u00f6llig neue Dimension.<br \/>\nImmer mehr Firmen d\u00fcrfen dies mit der ESG-Taxonomie ( Environmental- Social and Corporate Gouvernance) auch noch klar nachweisen.<br \/>\nAirthings mit uns als CH-Partner macht dies vorbildlich. Sie f\u00fchren mit den Aktuelldaten die R\u00e4ume energieminimal UND mit stabilen Gesundheitsparametern f\u00fcr die Nutzer. Zudem k\u00f6nnen Sie alle Daten vom Monitoring f\u00fcr die nachfolgenden gew\u00fcnschten Auswertungen und ESG-Nachweise leicht und fl\u00fcssig verwenden.<br \/>\nAirthings-Sensoren sind im Moment die f\u00fchrenden &#8222;Schweizer Offiziermesser&#8220; der Raumluftsensoren mit all ihren M\u00f6glichkeiten der Messparameter.<\/p>\n","protected":false},"excerpt":{"rendered":"<p>Die Zeit der K\u00e4lte kommt draussen! UND mit den drohenden Energieknappheit kommt sie auch drinnen? Im B\u00fcro noch mehr als in den kleineren R\u00e4umen zuhause? Was schon immer wichtig war (#fAIRemployed) die Aufsichtspflicht des Arbeitsgebers f\u00fcr den Gesundheitsschutz der Mitarbeiter, erlangt nun eine v\u00f6llig neue Dimension. Immer mehr Firmen d\u00fcrfen dies mit der ESG-Taxonomie ( [&hellip;]<\/p>\n","protected":false},"author":4,"featured_media":0,"comment_status":"open","ping_status":"open","sticky":false,"template":"","format":"standard","meta":{"footnotes":""},"categories":[11,28,18],"tags":[69,72,73,74,58,70,71,68],"_links":{"self":[{"href":"https:\/\/www.nachhaltigkeit-ingna.ch\/wordpress\/wp-json\/wp\/v2\/posts\/4048"}],"collection":[{"href":"https:\/\/www.nachhaltigkeit-ingna.ch\/wordpress\/wp-json\/wp\/v2\/posts"}],"about":[{"href":"https:\/\/www.nachhaltigkeit-ingna.ch\/wordpress\/wp-json\/wp\/v2\/types\/post"}],"author":[{"embeddable":true,"href":"https:\/\/www.nachhaltigkeit-ingna.ch\/wordpress\/wp-json\/wp\/v2\/users\/4"}],"replies":[{"embeddable":true,"href":"https:\/\/www.nachhaltigkeit-ingna.ch\/wordpress\/wp-json\/wp\/v2\/comments?post=4048"}],"version-history":[{"count":2,"href":"https:\/\/www.nachhaltigkeit-ingna.ch\/wordpress\/wp-json\/wp\/v2\/posts\/4048\/revisions"}],"predecessor-version":[{"id":4051,"href":"https:\/\/www.nachhaltigkeit-ingna.ch\/wordpress\/wp-json\/wp\/v2\/posts\/4048\/revisions\/4051"}],"wp:attachment":[{"href":"https:\/\/www.nachhaltigkeit-ingna.ch\/wordpress\/wp-json\/wp\/v2\/media?parent=4048"}],"wp:term":[{"taxonomy":"category","embeddable":true,"href":"https:\/\/www.nachhaltigkeit-ingna.ch\/wordpress\/wp-json\/wp\/v2\/categories?post=4048"},{"taxonomy":"post_tag","embeddable":true,"href":"https:\/\/www.nachhaltigkeit-ingna.ch\/wordpress\/wp-json\/wp\/v2\/tags?post=4048"}],"curies":[{"name":"wp","href":"https:\/\/api.w.org\/{rel}","templated":true}]}}