{"id":3789,"date":"2022-09-22T15:22:54","date_gmt":"2022-09-22T13:22:54","guid":{"rendered":"https:\/\/www.nachhaltigkeit-ingna.ch\/wordpress\/?p=3789"},"modified":"2022-09-22T15:22:54","modified_gmt":"2022-09-22T13:22:54","slug":"schimmel-saison-hat-begonnen-8-tung-tiefe-temperaturen","status":"publish","type":"post","link":"https:\/\/www.nachhaltigkeit-ingna.ch\/wordpress\/schimmel-saison-hat-begonnen-8-tung-tiefe-temperaturen\/","title":{"rendered":"Schimmel Saison hat begonnen- 8-tung tiefe Temperaturen"},"content":{"rendered":"<p>Das Telefon klingelt bei uns- schon wieder eine Anfrage mehr:<br \/>\nDiese Woche gings richtig los: Mail- \/ Telefonanfragen:<br \/>\n&#8211; es riecht so komisch<br \/>\n&#8211; ich habe Schleimhautprobleme \/ Niesen \/ rote Augen<br \/>\n&#8211; ich sehe Schimmelpilz &#8211; Befall in der Ecke<br \/>\n&#8211; ist dies f\u00fcr mich gesundheitssch\u00e4digend?<\/p>\n<p>Alle diese Fragen sind wir gewohnt- k\u00f6nnen wir Ihnen auch professionell beantworten.<br \/>\nDas Wohl der Raumnutzer steht zuvorderst- das Haus\/die Immobilie verstehen wir.<\/p>\n<p>\u00dcber die letzten Jahre haben wir die Dienstleistung stetig verfeinert ABER zugleich mit Messmitteln effizienter gemacht<br \/>\n<a href=\"http:\/\/www.bau-forensik.ch\">www.bau-forensik.ch<\/a> und <a href=\"http:\/\/www.schimmelpilz-spuerhund.ch\">www.schimmelpilz-spuerhund.ch\u00a0<\/a><\/p>\n<p>041 500 5020- kontakt@ingna.ch Da wird Ihnen geholfen- effiziente Untersuch vor Ort f\u00fcr eine langfristige\/ nachhaltige L\u00f6sung<\/p>\n<p>NEU: einfache Ortsbegehung mit den wichtigsten TIPPS f\u00fcr Schimmel-Freiheit vor Ort \/ Uebergabe Kleinmessger\u00e4te zur Vermeidung<\/p>\n","protected":false},"excerpt":{"rendered":"<p>Das Telefon klingelt bei uns- schon wieder eine Anfrage mehr: Diese Woche gings richtig los: Mail- \/ Telefonanfragen: &#8211; es riecht so komisch &#8211; ich habe Schleimhautprobleme \/ Niesen \/ rote Augen &#8211; ich sehe Schimmelpilz &#8211; Befall in der Ecke &#8211; ist dies f\u00fcr mich gesundheitssch\u00e4digend? Alle diese Fragen sind wir gewohnt- k\u00f6nnen wir [&hellip;]<\/p>\n","protected":false},"author":4,"featured_media":0,"comment_status":"open","ping_status":"open","sticky":false,"template":"","format":"standard","meta":{"footnotes":""},"categories":[11,15],"tags":[67,30,65,21,66],"_links":{"self":[{"href":"https:\/\/www.nachhaltigkeit-ingna.ch\/wordpress\/wp-json\/wp\/v2\/posts\/3789"}],"collection":[{"href":"https:\/\/www.nachhaltigkeit-ingna.ch\/wordpress\/wp-json\/wp\/v2\/posts"}],"about":[{"href":"https:\/\/www.nachhaltigkeit-ingna.ch\/wordpress\/wp-json\/wp\/v2\/types\/post"}],"author":[{"embeddable":true,"href":"https:\/\/www.nachhaltigkeit-ingna.ch\/wordpress\/wp-json\/wp\/v2\/users\/4"}],"replies":[{"embeddable":true,"href":"https:\/\/www.nachhaltigkeit-ingna.ch\/wordpress\/wp-json\/wp\/v2\/comments?post=3789"}],"version-history":[{"count":2,"href":"https:\/\/www.nachhaltigkeit-ingna.ch\/wordpress\/wp-json\/wp\/v2\/posts\/3789\/revisions"}],"predecessor-version":[{"id":3794,"href":"https:\/\/www.nachhaltigkeit-ingna.ch\/wordpress\/wp-json\/wp\/v2\/posts\/3789\/revisions\/3794"}],"wp:attachment":[{"href":"https:\/\/www.nachhaltigkeit-ingna.ch\/wordpress\/wp-json\/wp\/v2\/media?parent=3789"}],"wp:term":[{"taxonomy":"category","embeddable":true,"href":"https:\/\/www.nachhaltigkeit-ingna.ch\/wordpress\/wp-json\/wp\/v2\/categories?post=3789"},{"taxonomy":"post_tag","embeddable":true,"href":"https:\/\/www.nachhaltigkeit-ingna.ch\/wordpress\/wp-json\/wp\/v2\/tags?post=3789"}],"curies":[{"name":"wp","href":"https:\/\/api.w.org\/{rel}","templated":true}]}}