{"id":3643,"date":"2022-02-16T18:40:52","date_gmt":"2022-02-16T17:40:52","guid":{"rendered":"https:\/\/www.nachhaltigkeit-ingna.ch\/wordpress\/?p=3643"},"modified":"2022-02-16T18:45:24","modified_gmt":"2022-02-16T17:45:24","slug":"fachperson-fuer-raumluftqualitaet-rlq-fp","status":"publish","type":"post","link":"https:\/\/www.nachhaltigkeit-ingna.ch\/wordpress\/fachperson-fuer-raumluftqualitaet-rlq-fp\/","title":{"rendered":"Fachperson f\u00fcr Raumluftqualit\u00e4t ; RLQ FP"},"content":{"rendered":"<p>Im FAGES ( Fachverband Geb\u00e4udeschadstoffe Schweiz) wurde heute der Entscheid gef\u00e4llt, unter welchem Namen diese Dienstleitung im Schweizer Markt weiter bearbeitet wird.<br \/>\nEs geht ums Wohlbefinden im Innenraum, um die erweiterten Qualit\u00e4tsmerkmale unserer Atemluft. Wie es recht uneinheitlich in verschiedenen privaten Standards schon bruchst\u00fcckhaft da liegt.(SGNI, LEED, WELL, BREEAM, minergie ECO bis GI)<\/p>\n<p>Adrian Nussbaumer, der Gr\u00fcnder von ingna- Ingenieurb\u00fcro f\u00fcr Nachhaltigkeit GmbH &#8211;\u00a0 darf im FAGES diese Fachgruppe leiten:<\/p>\n<p>&#8222;Ich bin sehr zufrieden mit der Arbeit der Fachgruppe, die seit Jahren, die\u00a0 vom Markt geforderte Vereinheitlichung \/ Vergleichbarkeit der Qualit\u00e4t der gesamten Dienstleistung , endlich festhalten kann. Wir vom FAGES sind einzigartig in der Schweiz mit der Tiefe der geb\u00fcndelten Fachkompetenz. Nun packen wir die M\u00f6glichkeit gewisse Standards vorzugeben. Ab heute nun auch unter &#8222;offiziellem&#8220; Namen der Dienstleistungen. Ich zweifle nicht daran, dass der Vorstand in der n\u00e4chsten Sitzung auch gr\u00fcnes Licht gibt f\u00fcr die Verwendung und &#8222;Aussendung&#8220; des neuen Namens- der Arbeit, die wir schon seit 20 Jahren professionell anbieten.&#8220;<\/p>\n<p>Die Zukuft stellt sich auf Gesunde Innenr\u00e4ume ein.<\/p>\n","protected":false},"excerpt":{"rendered":"<p>Im FAGES ( Fachverband Geb\u00e4udeschadstoffe Schweiz) wurde heute der Entscheid gef\u00e4llt, unter welchem Namen diese Dienstleitung im Schweizer Markt weiter bearbeitet wird. Es geht ums Wohlbefinden im Innenraum, um die erweiterten Qualit\u00e4tsmerkmale unserer Atemluft. Wie es recht uneinheitlich in verschiedenen privaten Standards schon bruchst\u00fcckhaft da liegt.(SGNI, LEED, WELL, BREEAM, minergie ECO bis GI) Adrian Nussbaumer, [&hellip;]<\/p>\n","protected":false},"author":4,"featured_media":0,"comment_status":"open","ping_status":"open","sticky":false,"template":"","format":"standard","meta":{"footnotes":""},"categories":[11],"tags":[],"_links":{"self":[{"href":"https:\/\/www.nachhaltigkeit-ingna.ch\/wordpress\/wp-json\/wp\/v2\/posts\/3643"}],"collection":[{"href":"https:\/\/www.nachhaltigkeit-ingna.ch\/wordpress\/wp-json\/wp\/v2\/posts"}],"about":[{"href":"https:\/\/www.nachhaltigkeit-ingna.ch\/wordpress\/wp-json\/wp\/v2\/types\/post"}],"author":[{"embeddable":true,"href":"https:\/\/www.nachhaltigkeit-ingna.ch\/wordpress\/wp-json\/wp\/v2\/users\/4"}],"replies":[{"embeddable":true,"href":"https:\/\/www.nachhaltigkeit-ingna.ch\/wordpress\/wp-json\/wp\/v2\/comments?post=3643"}],"version-history":[{"count":3,"href":"https:\/\/www.nachhaltigkeit-ingna.ch\/wordpress\/wp-json\/wp\/v2\/posts\/3643\/revisions"}],"predecessor-version":[{"id":3645,"href":"https:\/\/www.nachhaltigkeit-ingna.ch\/wordpress\/wp-json\/wp\/v2\/posts\/3643\/revisions\/3645"}],"wp:attachment":[{"href":"https:\/\/www.nachhaltigkeit-ingna.ch\/wordpress\/wp-json\/wp\/v2\/media?parent=3643"}],"wp:term":[{"taxonomy":"category","embeddable":true,"href":"https:\/\/www.nachhaltigkeit-ingna.ch\/wordpress\/wp-json\/wp\/v2\/categories?post=3643"},{"taxonomy":"post_tag","embeddable":true,"href":"https:\/\/www.nachhaltigkeit-ingna.ch\/wordpress\/wp-json\/wp\/v2\/tags?post=3643"}],"curies":[{"name":"wp","href":"https:\/\/api.w.org\/{rel}","templated":true}]}}