{"id":3524,"date":"2021-12-09T15:11:48","date_gmt":"2021-12-09T14:11:48","guid":{"rendered":"https:\/\/www.nachhaltigkeit-ingna.ch\/wordpress\/?p=3524"},"modified":"2021-12-09T15:16:40","modified_gmt":"2021-12-09T14:16:40","slug":"rlq-raumluftqualitaet-wird-immer-wichtiger","status":"publish","type":"post","link":"https:\/\/www.nachhaltigkeit-ingna.ch\/wordpress\/rlq-raumluftqualitaet-wird-immer-wichtiger\/","title":{"rendered":"RLQ-Raumluftqualit\u00e4t wird immer wichtiger"},"content":{"rendered":"<p>Raumluft, das Benzin f\u00fcr unser Leben, wovon wir 15&#8217;000l bis 20&#8217;000l PRO TAG durch unsere Lungen lassen.<br \/>\nWohl das wichtigse Gut- 3 Minuten ohne und unser Leben verl\u00e4uft pl\u00f6tzlich ganz anders.<br \/>\nFachperson Raumluft-Qualit\u00e4t ?!<br \/>\nWir sind seit \u00fcber 20 Jahren am Thema dran- wo es immer noch keine genaue Berufsbezeichnung f\u00fcr gibt- alle Parameter im Innenraum so einzustellen, dass die beste Raumluft f\u00fcr die Nutzer entsteht.<br \/>\nRaumluft und Corona?<br \/>\nheutige Mitteilung:<br \/>\n&#8230;&#8230;&#8230;&#8230;&#8230;&#8230;&#8230;&#8230;&#8230;&#8230;&#8230;&#8230;&#8230;&#8230;&#8230;&#8230;&#8230;&#8230;&#8230;&#8230;&#8230;&#8230;&#8230;&#8230;&#8230;&#8230;&#8230;&#8230;&#8230;&#8230;&#8230;&#8230;&#8230;..<br \/>\nEmpa &#8211; Mehr Ansteckungen in schlecht gel\u00fcfteten Klassenzimmern<br \/>\nD\u00fcbendorf, St. Gallen und Thun, 09.12.2021 &#8211; Die Luftqualit\u00e4t in Innenr\u00e4umen hat einen Einfluss darauf, wie viele Ansteckungen mit dem Coronavirus dort stattfinden. Dies zeigt nun erstmals ein Pilotprojekt unter Beteiligung von Empa-Forschern in 150 Schulzimmern auf Primarschulstufe in Graub\u00fcnden. Dabei zeigte sich auch, dass die Luftqualit\u00e4t in vielen Klassenzimmern mangelhaft ist. Das regelm\u00e4ssige L\u00fcften der Klassenzimmer sei deshalb auch im Winterhalbjahr sehr wichtig, so das Fazit der Untersuchung. <\/p>\n<p>Eidg. Materialpr\u00fcfungs- und Forschungsanstalt<br \/>\n&#8230;&#8230;&#8230;&#8230;&#8230;&#8230;&#8230;&#8230;&#8230;&#8230;&#8230;&#8230;&#8230;&#8230;&#8230;&#8230;&#8230;&#8230;&#8230;&#8230;&#8230;&#8230;&#8230;&#8230;&#8230;&#8230;&#8230;&#8230;&#8230;&#8230;&#8230;&#8230;&#8230;&#8230;..<br \/>\nzeigt dies \u00e4usserst deutlich.<br \/>\nFragen Sie uns- wir verstehen auch Ihr Geb\u00e4ude&#8230; und machen es gesund<\/p>\n","protected":false},"excerpt":{"rendered":"<p>Raumluft, das Benzin f\u00fcr unser Leben, wovon wir 15&#8217;000l bis 20&#8217;000l PRO TAG durch unsere Lungen lassen. Wohl das wichtigse Gut- 3 Minuten ohne und unser Leben verl\u00e4uft pl\u00f6tzlich ganz anders. Fachperson Raumluft-Qualit\u00e4t ?! Wir sind seit \u00fcber 20 Jahren am Thema dran- wo es immer noch keine genaue Berufsbezeichnung f\u00fcr gibt- alle Parameter im [&hellip;]<\/p>\n","protected":false},"author":4,"featured_media":0,"comment_status":"open","ping_status":"open","sticky":false,"template":"","format":"standard","meta":{"footnotes":""},"categories":[11,28],"tags":[58,59,57,60,41,56],"_links":{"self":[{"href":"https:\/\/www.nachhaltigkeit-ingna.ch\/wordpress\/wp-json\/wp\/v2\/posts\/3524"}],"collection":[{"href":"https:\/\/www.nachhaltigkeit-ingna.ch\/wordpress\/wp-json\/wp\/v2\/posts"}],"about":[{"href":"https:\/\/www.nachhaltigkeit-ingna.ch\/wordpress\/wp-json\/wp\/v2\/types\/post"}],"author":[{"embeddable":true,"href":"https:\/\/www.nachhaltigkeit-ingna.ch\/wordpress\/wp-json\/wp\/v2\/users\/4"}],"replies":[{"embeddable":true,"href":"https:\/\/www.nachhaltigkeit-ingna.ch\/wordpress\/wp-json\/wp\/v2\/comments?post=3524"}],"version-history":[{"count":2,"href":"https:\/\/www.nachhaltigkeit-ingna.ch\/wordpress\/wp-json\/wp\/v2\/posts\/3524\/revisions"}],"predecessor-version":[{"id":3528,"href":"https:\/\/www.nachhaltigkeit-ingna.ch\/wordpress\/wp-json\/wp\/v2\/posts\/3524\/revisions\/3528"}],"wp:attachment":[{"href":"https:\/\/www.nachhaltigkeit-ingna.ch\/wordpress\/wp-json\/wp\/v2\/media?parent=3524"}],"wp:term":[{"taxonomy":"category","embeddable":true,"href":"https:\/\/www.nachhaltigkeit-ingna.ch\/wordpress\/wp-json\/wp\/v2\/categories?post=3524"},{"taxonomy":"post_tag","embeddable":true,"href":"https:\/\/www.nachhaltigkeit-ingna.ch\/wordpress\/wp-json\/wp\/v2\/tags?post=3524"}],"curies":[{"name":"wp","href":"https:\/\/api.w.org\/{rel}","templated":true}]}}