{"id":3462,"date":"2021-10-29T16:52:21","date_gmt":"2021-10-29T14:52:21","guid":{"rendered":"https:\/\/www.nachhaltigkeit-ingna.ch\/wordpress\/?p=3462"},"modified":"2021-10-29T16:52:29","modified_gmt":"2021-10-29T14:52:29","slug":"gesund-bauen-wird-trend","status":"publish","type":"post","link":"https:\/\/www.nachhaltigkeit-ingna.ch\/wordpress\/gesund-bauen-wird-trend\/","title":{"rendered":"Gesund Bauen wird trend"},"content":{"rendered":"<p>Gesundbau \/ nachhaltig und gesund oder auch nur Nachhaltigkeit.<\/p>\n<p>dies die Stichworte zu den neuesten Themen auf dem Bau &#8211; Markt.<\/p>\n<p>In ungeahntem Tempo werden Seminare\/Foren und Kurse ausgeschrieben.<\/p>\n<p>Der Markt reagiert erfrischend.<\/p>\n<p>Wir erleben ab unserem 20.Gesch\u00e4ftsjahr eine tolle Best\u00e4tigung unserer<\/p>\n<p>jahrzehntelangen Aufkl\u00e4rungsarbeit. Wohnen und Arbeiten unter den besten<\/p>\n<p>Raumnutzer-Verh\u00e4ltnissen bringt tiefstes Wohlbefinden und effizientes Arbeiten.<\/p>\n<p>&nbsp;<\/p>\n<p>Schauen Sie kurz auf die neuesten Veranstaltungshinweise<\/p>\n<p><a href=\"http:\/\/www.nachhaltigkeit-ingna.ch\/wordpress\/wp-content\/uploads\/2021\/10\/GesundeRaeumeGesundeRaumnutzer20211029.pdf\">GesundeRaeumeGesundeRaumnutzer20211029<\/a><\/p>\n<p>Weiterhin sch\u00f6nen Herbst<br \/>\nAdrian Nussbaumer<\/p>\n","protected":false},"excerpt":{"rendered":"<p>Gesundbau \/ nachhaltig und gesund oder auch nur Nachhaltigkeit. dies die Stichworte zu den neuesten Themen auf dem Bau &#8211; Markt. In ungeahntem Tempo werden Seminare\/Foren und Kurse ausgeschrieben. Der Markt reagiert erfrischend. Wir erleben ab unserem 20.Gesch\u00e4ftsjahr eine tolle Best\u00e4tigung unserer jahrzehntelangen Aufkl\u00e4rungsarbeit. Wohnen und Arbeiten unter den besten Raumnutzer-Verh\u00e4ltnissen bringt tiefstes Wohlbefinden und [&hellip;]<\/p>\n","protected":false},"author":4,"featured_media":0,"comment_status":"open","ping_status":"open","sticky":false,"template":"","format":"standard","meta":{"footnotes":""},"categories":[10,14,11,13],"tags":[],"_links":{"self":[{"href":"https:\/\/www.nachhaltigkeit-ingna.ch\/wordpress\/wp-json\/wp\/v2\/posts\/3462"}],"collection":[{"href":"https:\/\/www.nachhaltigkeit-ingna.ch\/wordpress\/wp-json\/wp\/v2\/posts"}],"about":[{"href":"https:\/\/www.nachhaltigkeit-ingna.ch\/wordpress\/wp-json\/wp\/v2\/types\/post"}],"author":[{"embeddable":true,"href":"https:\/\/www.nachhaltigkeit-ingna.ch\/wordpress\/wp-json\/wp\/v2\/users\/4"}],"replies":[{"embeddable":true,"href":"https:\/\/www.nachhaltigkeit-ingna.ch\/wordpress\/wp-json\/wp\/v2\/comments?post=3462"}],"version-history":[{"count":2,"href":"https:\/\/www.nachhaltigkeit-ingna.ch\/wordpress\/wp-json\/wp\/v2\/posts\/3462\/revisions"}],"predecessor-version":[{"id":3481,"href":"https:\/\/www.nachhaltigkeit-ingna.ch\/wordpress\/wp-json\/wp\/v2\/posts\/3462\/revisions\/3481"}],"wp:attachment":[{"href":"https:\/\/www.nachhaltigkeit-ingna.ch\/wordpress\/wp-json\/wp\/v2\/media?parent=3462"}],"wp:term":[{"taxonomy":"category","embeddable":true,"href":"https:\/\/www.nachhaltigkeit-ingna.ch\/wordpress\/wp-json\/wp\/v2\/categories?post=3462"},{"taxonomy":"post_tag","embeddable":true,"href":"https:\/\/www.nachhaltigkeit-ingna.ch\/wordpress\/wp-json\/wp\/v2\/tags?post=3462"}],"curies":[{"name":"wp","href":"https:\/\/api.w.org\/{rel}","templated":true}]}}