{"id":3333,"date":"2020-11-10T18:37:31","date_gmt":"2020-11-10T17:37:31","guid":{"rendered":"http:\/\/www.nachhaltigkeit-ingna.ch\/wordpress\/?p=3333"},"modified":"2020-11-10T18:37:35","modified_gmt":"2020-11-10T17:37:35","slug":"7-11-2020-europaeischer-tag-des-radon","status":"publish","type":"post","link":"https:\/\/www.nachhaltigkeit-ingna.ch\/wordpress\/7-11-2020-europaeischer-tag-des-radon\/","title":{"rendered":"7.11.2020 Europ\u00e4ischer Tag des Radon"},"content":{"rendered":"<p>7.11.2020 Die uns umgebende EU f\u00fchrt das brisante Thema Radon an einem Ehrentag auf die h\u00f6here Achtsamkeitsstufe.<br \/>\nRadon ist Natur! Doch leider kann es t\u00f6dlich sein f\u00fcr den Menschen.<br \/>\nDas radioaktive Gas, das auch in der Schweiz sehr h\u00e4ufig Auftritt und z.T. in hohen Dosen in Immobilien eintritt f\u00fchrt immer noch zu vielen Lungenkrebs vorkommen. Der Aktionsplan Radon von 2021-2013 des BAG soll dies nun endlich noch st\u00e4rker ins Bewusstsein bringen. Insbesondere im Winter muss noch st\u00e4rker auf dieses nat\u00fcrliche radiokative Gas geachtet werden.<br \/>\nWie?<br \/>\nWir wissen wie und haben auch schon mit www.radonexperte.ch eine passende landingpage erschaffen.<br \/>\nWenn Sie da keine Antworten erhalten- rufen Sie uns an.<\/p>\n","protected":false},"excerpt":{"rendered":"<p>7.11.2020 Die uns umgebende EU f\u00fchrt das brisante Thema Radon an einem Ehrentag auf die h\u00f6here Achtsamkeitsstufe. Radon ist Natur! Doch leider kann es t\u00f6dlich sein f\u00fcr den Menschen. Das radioaktive Gas, das auch in der Schweiz sehr h\u00e4ufig Auftritt und z.T. in hohen Dosen in Immobilien eintritt f\u00fchrt immer noch zu vielen Lungenkrebs vorkommen. [&hellip;]<\/p>\n","protected":false},"author":4,"featured_media":0,"comment_status":"open","ping_status":"open","sticky":false,"template":"","format":"standard","meta":{"footnotes":""},"categories":[1],"tags":[],"_links":{"self":[{"href":"https:\/\/www.nachhaltigkeit-ingna.ch\/wordpress\/wp-json\/wp\/v2\/posts\/3333"}],"collection":[{"href":"https:\/\/www.nachhaltigkeit-ingna.ch\/wordpress\/wp-json\/wp\/v2\/posts"}],"about":[{"href":"https:\/\/www.nachhaltigkeit-ingna.ch\/wordpress\/wp-json\/wp\/v2\/types\/post"}],"author":[{"embeddable":true,"href":"https:\/\/www.nachhaltigkeit-ingna.ch\/wordpress\/wp-json\/wp\/v2\/users\/4"}],"replies":[{"embeddable":true,"href":"https:\/\/www.nachhaltigkeit-ingna.ch\/wordpress\/wp-json\/wp\/v2\/comments?post=3333"}],"version-history":[{"count":3,"href":"https:\/\/www.nachhaltigkeit-ingna.ch\/wordpress\/wp-json\/wp\/v2\/posts\/3333\/revisions"}],"predecessor-version":[{"id":3342,"href":"https:\/\/www.nachhaltigkeit-ingna.ch\/wordpress\/wp-json\/wp\/v2\/posts\/3333\/revisions\/3342"}],"wp:attachment":[{"href":"https:\/\/www.nachhaltigkeit-ingna.ch\/wordpress\/wp-json\/wp\/v2\/media?parent=3333"}],"wp:term":[{"taxonomy":"category","embeddable":true,"href":"https:\/\/www.nachhaltigkeit-ingna.ch\/wordpress\/wp-json\/wp\/v2\/categories?post=3333"},{"taxonomy":"post_tag","embeddable":true,"href":"https:\/\/www.nachhaltigkeit-ingna.ch\/wordpress\/wp-json\/wp\/v2\/tags?post=3333"}],"curies":[{"name":"wp","href":"https:\/\/api.w.org\/{rel}","templated":true}]}}