{"id":3283,"date":"2020-11-10T18:33:51","date_gmt":"2020-11-10T17:33:51","guid":{"rendered":"http:\/\/www.nachhaltigkeit-ingna.ch\/wordpress\/wordpress\/?p=3283"},"modified":"2020-12-06T13:22:42","modified_gmt":"2020-12-06T12:22:42","slug":"1-woche-shutdown-wir-sind-immer-unterwegs","status":"publish","type":"post","link":"https:\/\/www.nachhaltigkeit-ingna.ch\/wordpress\/1-woche-shutdown-wir-sind-immer-unterwegs\/","title":{"rendered":"Wochen mit Einschr\u00e4nkungen?  : Wir sind immer unterwegs!"},"content":{"rendered":"<p>Sehr geehrte Kunden<br \/>\nNach den ersten Woche shut down hatten wir schon Gewissheit:<\/p>\n<p>Ja wir sind f\u00fcr Sie und uns mit Schutz fast normal unterwegs. (Baustellen und Auswertungen\/Berechnungen sind kaum eingeschr\u00e4nkt)<\/p>\n<p>Doch neue Termine, insbesondere mit Kunden \u00fcber 65 k\u00f6nnen wir im Moment nicht annehmen.<br \/>\nTelefonische Beratung und Entgegennahme von Fotos\/Videos von Problemr\u00e4umen laufen weiter.<\/p>\n<p>041 500 5020 \/ kontakt@ingna.ch &#8211; geben wir gerne Auskunft \u00fcber alle anfallenden Innenraum-Probleme.<\/p>\n<p>Ihr ingna-Team<\/p>\n<p>&nbsp;<\/p>\n<p>&nbsp;<\/p>\n","protected":false},"excerpt":{"rendered":"<p>Sehr geehrte Kunden Nach den ersten Woche shut down hatten wir schon Gewissheit: Ja wir sind f\u00fcr Sie und uns mit Schutz fast normal unterwegs. (Baustellen und Auswertungen\/Berechnungen sind kaum eingeschr\u00e4nkt) Doch neue Termine, insbesondere mit Kunden \u00fcber 65 k\u00f6nnen wir im Moment nicht annehmen. Telefonische Beratung und Entgegennahme von Fotos\/Videos von Problemr\u00e4umen laufen weiter. [&hellip;]<\/p>\n","protected":false},"author":4,"featured_media":0,"comment_status":"open","ping_status":"open","sticky":false,"template":"","format":"standard","meta":{"footnotes":""},"categories":[10,17,14,16,11,28,13,15],"tags":[47,46,48,49],"_links":{"self":[{"href":"https:\/\/www.nachhaltigkeit-ingna.ch\/wordpress\/wp-json\/wp\/v2\/posts\/3283"}],"collection":[{"href":"https:\/\/www.nachhaltigkeit-ingna.ch\/wordpress\/wp-json\/wp\/v2\/posts"}],"about":[{"href":"https:\/\/www.nachhaltigkeit-ingna.ch\/wordpress\/wp-json\/wp\/v2\/types\/post"}],"author":[{"embeddable":true,"href":"https:\/\/www.nachhaltigkeit-ingna.ch\/wordpress\/wp-json\/wp\/v2\/users\/4"}],"replies":[{"embeddable":true,"href":"https:\/\/www.nachhaltigkeit-ingna.ch\/wordpress\/wp-json\/wp\/v2\/comments?post=3283"}],"version-history":[{"count":5,"href":"https:\/\/www.nachhaltigkeit-ingna.ch\/wordpress\/wp-json\/wp\/v2\/posts\/3283\/revisions"}],"predecessor-version":[{"id":3352,"href":"https:\/\/www.nachhaltigkeit-ingna.ch\/wordpress\/wp-json\/wp\/v2\/posts\/3283\/revisions\/3352"}],"wp:attachment":[{"href":"https:\/\/www.nachhaltigkeit-ingna.ch\/wordpress\/wp-json\/wp\/v2\/media?parent=3283"}],"wp:term":[{"taxonomy":"category","embeddable":true,"href":"https:\/\/www.nachhaltigkeit-ingna.ch\/wordpress\/wp-json\/wp\/v2\/categories?post=3283"},{"taxonomy":"post_tag","embeddable":true,"href":"https:\/\/www.nachhaltigkeit-ingna.ch\/wordpress\/wp-json\/wp\/v2\/tags?post=3283"}],"curies":[{"name":"wp","href":"https:\/\/api.w.org\/{rel}","templated":true}]}}