{"id":3053,"date":"2019-03-10T14:41:01","date_gmt":"2019-03-10T13:41:01","guid":{"rendered":"http:\/\/www.nachhaltigkeit-ingna.ch\/wordpress\/wordpress\/?p=3053"},"modified":"2019-03-10T14:43:09","modified_gmt":"2019-03-10T13:43:09","slug":"mobilfunk-stressreduktion-durch-byod","status":"publish","type":"post","link":"https:\/\/www.nachhaltigkeit-ingna.ch\/wordpress\/mobilfunk-stressreduktion-durch-byod\/","title":{"rendered":"Mobilfunk &#8211; Stressreduktion durch BYOD"},"content":{"rendered":"<section class=\"av_textblock_section\"  itemscope=\"itemscope\" itemtype=\"https:\/\/schema.org\/BlogPosting\" itemprop=\"blogPost\" ><div class='avia_textblock '   itemprop=\"text\" ><p><em><strong>Stress-Reduzierung durch BYOD<br \/>\n<\/strong><\/em> BYOD:= Bring your own device; je weniger Endger\u00e4te in Ihrer Umgebung aktiv sind, desto weniger Strahlenbelastung erreicht sie.<br \/>\n(Bildquelle: Stock.adobe.com)<\/p>\n<p><strong>Zwiesp\u00e4ltige Disskussion um die Nutzung von privaten Ger\u00e4ten<\/strong><br \/>\nEin Mitarbeiter kann den Gebrauch seines privates Handies f\u00fcr gesch\u00e4ftliche Zwecke verweigern- dies steht ihm rechtlich zu. Der Sozialdruck der dabei aufgebaut wird, wenn es alle in der Firma so machen, ist ein anderes Thema.<br \/>\nEbenso die von den Firmen gesch\u00e4tzte und kommunizierte Zunahme an Flexibilit\u00e4t und Produktivit\u00e4t ist nicht umbestritten: Es erh\u00f6ht meineserachtens einfach nur den Druck st\u00e4ndig erreichbar zu sein. Firmen profitieren von h\u00f6herer Flexibilit\u00e4t, aber schon im ebengleic genannten Kontext der Erh\u00f6hung der Produktivit\u00e4t scheiden sich die Expertenmeinungen zum Teil drastisch: Pr\u00e4sentismus ist nicht gleich Produkitivit\u00e4t!<br \/>\nDa ist auf dieser Seite schon der Arbeitgeber mit seiner Pflicht zur F\u00fcrsorge am Angestellten eingebunden.<br \/>\n<strong>Zum anderen Stressfaktor der Umweltbelastung, Mobilfunk ist ein physikalische Feld.<br \/>\n<\/strong>Handies sind mit Abstand f\u00fchrend Ihnen elektromagnetische Wellen in grosser Dosis an den K\u00f6rper zu bringen. Da hat keine benachbarte Antenne eine \u201eChance\u201c dieselben starken Werte auf Ihren K\u00f6rper einzusenden *.<\/p>\n<p>Doch der grosse Unterschied ist: Sie selber haben es eigenverantwortlich im Griff, wie stark sie besendet werden wollen.<br \/>\nAuch wenn die Auswirkungen auf die Gesundheit bis dato heute medizinisch noch unklar sind, dadurch ist die teilweise Hilflosigkeit der Politik bei Festlegung von Grenzwerten auch erkl\u00e4rbar- es ist und bleibt jedoch eine technisch-k\u00fcnstliche physikalische Beeinflussung des K\u00f6rpers!<br \/>\nDiese unklare Beeinflussung bedarf unbedingt der Achtsamkeit im Umgang mit Mensch und Natur mit demzufolge vorsichtig gew\u00e4hlten Grob-Schutz-Werten. Eben genau diese Aufgabe soll ein Grenzwert leisten.<br \/>\nSo ist die Schweiz mit Ihren vom Vorsorgegedanken getragenen Grenzwerten auf dem richtigen Weg uns sollte unter keinen Umst\u00e4nden davon abweichen!<\/p>\n<p>Die Einhaltung ist dann Aufgabe der Technik, die dies sehr leicht kann! Es bedarf einfach den Fokus, oder eben besser gesagt, das &#8222;Nicht-Missachten&#8220; auf feldminimale Entwicklung der Endger\u00e4te.<\/p>\n<p>Wie die Unterbekleidungs-Industrie seit Jahren auf nahtlos tendiert, entwickelt sich die gesamte ICT-Branche insbesondere Dank der Abteilung \u201eDrahtlos\u201cauch dahin. Ein sch\u00f6nes Beispiel sehen wir nun auch im neuen 5G.<br \/>\nDiese Technik basiert auf allen bis anhin bekannten Generationen und dazu noch ann\u00e4hernd zeitverzugslos alle Infos auf allen Ger\u00e4ten zu haben und reagieren zu k\u00f6nnen. Lieblingsausdruck: 400mal schneller als Augenblinzeln.<\/p>\n<p>Als Minderung f\u00fcr den erh\u00f6hten Stress, den eine solche neue Technik Zwangsweise mit sich bringt, w\u00e4re doch f\u00fcr den Mitarbeiter nur schon ein Endger\u00e4t hilfreich, wo beide Kommunikationsformen privat und gesch\u00e4ftlich zwar vereint im selben Ger\u00e4t, aber physisch immer noch sauber trennbar sind, hilfreich?<br \/>\nWer von den Grossen nimmt den Ball auf? Samsung\/Huawei \/Apple \/Xiaomi\/OPPO oder eher kleinere wie LG\/Lenovo ?<br \/>\nEs wird in Zukunft ein <strong>USP f\u00fcr den Verkauf<\/strong> sein, da sich die Ger\u00e4te technisch so oder so alle angleichen werden.<\/p>\n<p>Adrian Nussbaumer- Sonntags-\u00dcberlegungen 10.3.2019<br \/>\n* die technischen Ausf\u00fchrungen sind bis dato noch sehr unspezifisch. Ohne Mitfokus bei den Installationen auf die gesundheitlichen Auswirkungen, k\u00f6nnen in Zukunft 5G Antennen eine erhebliche Dosis-Steigerung an Daueraufenthaltspl\u00e4tzen von Menschen bringen.<\/p>\n<\/div><\/section>\n","protected":false},"excerpt":{"rendered":"","protected":false},"author":4,"featured_media":3056,"comment_status":"open","ping_status":"open","sticky":false,"template":"","format":"standard","meta":{"footnotes":""},"categories":[10],"tags":[32,35,34,31,33],"_links":{"self":[{"href":"https:\/\/www.nachhaltigkeit-ingna.ch\/wordpress\/wp-json\/wp\/v2\/posts\/3053"}],"collection":[{"href":"https:\/\/www.nachhaltigkeit-ingna.ch\/wordpress\/wp-json\/wp\/v2\/posts"}],"about":[{"href":"https:\/\/www.nachhaltigkeit-ingna.ch\/wordpress\/wp-json\/wp\/v2\/types\/post"}],"author":[{"embeddable":true,"href":"https:\/\/www.nachhaltigkeit-ingna.ch\/wordpress\/wp-json\/wp\/v2\/users\/4"}],"replies":[{"embeddable":true,"href":"https:\/\/www.nachhaltigkeit-ingna.ch\/wordpress\/wp-json\/wp\/v2\/comments?post=3053"}],"version-history":[{"count":3,"href":"https:\/\/www.nachhaltigkeit-ingna.ch\/wordpress\/wp-json\/wp\/v2\/posts\/3053\/revisions"}],"predecessor-version":[{"id":3057,"href":"https:\/\/www.nachhaltigkeit-ingna.ch\/wordpress\/wp-json\/wp\/v2\/posts\/3053\/revisions\/3057"}],"wp:featuredmedia":[{"embeddable":true,"href":"https:\/\/www.nachhaltigkeit-ingna.ch\/wordpress\/wp-json\/wp\/v2\/media\/3056"}],"wp:attachment":[{"href":"https:\/\/www.nachhaltigkeit-ingna.ch\/wordpress\/wp-json\/wp\/v2\/media?parent=3053"}],"wp:term":[{"taxonomy":"category","embeddable":true,"href":"https:\/\/www.nachhaltigkeit-ingna.ch\/wordpress\/wp-json\/wp\/v2\/categories?post=3053"},{"taxonomy":"post_tag","embeddable":true,"href":"https:\/\/www.nachhaltigkeit-ingna.ch\/wordpress\/wp-json\/wp\/v2\/tags?post=3053"}],"curies":[{"name":"wp","href":"https:\/\/api.w.org\/{rel}","templated":true}]}}