{"id":2957,"date":"2018-04-27T10:47:43","date_gmt":"2018-04-27T08:47:43","guid":{"rendered":"http:\/\/www.nachhaltigkeit-ingna.ch\/wordpress\/wordpress\/?p=2957"},"modified":"2018-04-27T11:28:03","modified_gmt":"2018-04-27T09:28:03","slug":"tag-des-laerms-25-4-laestiger-stoerschall","status":"publish","type":"post","link":"https:\/\/www.nachhaltigkeit-ingna.ch\/wordpress\/tag-des-laerms-25-4-laestiger-stoerschall\/","title":{"rendered":"Tag des L\u00e4rms 25.4. \u2013 L\u00e4stiger St\u00f6rschall"},"content":{"rendered":"<p><strong>2018 nimmt Aargau als erster Schweizer Kanton das Problem ernst und ist derzeit an der Entwicklung eines Erstentwurfs f\u00fcr Leitlinien zu diesem Thema. <\/strong><\/p>\n<p>Immer mehr Menschen f\u00fchlen sich durch leise, st\u00f6rende, nervige Ger\u00e4usche beeintr\u00e4chtigt. Auch wenn die St\u00e4rke dieser Beeintr\u00e4chtigung sehr subjektiv und pers\u00f6nlich ist, so l\u00e4sst sich dieser St\u00f6rschall doch sehr genau quantifizieren. Entsprechende Messungen geh\u00f6ren auch zu unserem Angebot. Auf Grundlage der Messergebnisse zeigen wir Massnahmen auf, mit denen die Schalleinwirkung reduziert werden kann. Nehmen Sie mit uns Kontakt auf, wenn Sie unter l\u00e4stigem, nervigem, leisem St\u00f6rschall leiden \u2013 wir finden eine L\u00f6sung f\u00fcr Sie!<\/p>\n<p><a href=\"http:\/\/www.nachhaltigkeit-ingna.ch\/wordpress\/wordpress\/ueber-ingna\/tools_services\/\">Zum Leitfaden \u00abUmgang mit leisen St\u00f6rger\u00e4uschen\u00bb<\/a><\/p>\n","protected":false},"excerpt":{"rendered":"<p>2018 nimmt Aargau als erster Schweizer Kanton das Problem ernst und ist derzeit an der Entwicklung eines Erstentwurfs f\u00fcr Leitlinien zu diesem Thema. Immer mehr Menschen f\u00fchlen sich durch leise, st\u00f6rende, nervige Ger\u00e4usche beeintr\u00e4chtigt. Auch wenn die St\u00e4rke dieser Beeintr\u00e4chtigung sehr subjektiv und pers\u00f6nlich ist, so l\u00e4sst sich dieser St\u00f6rschall doch sehr genau quantifizieren. Entsprechende [&hellip;]<\/p>\n","protected":false},"author":4,"featured_media":2846,"comment_status":"open","ping_status":"open","sticky":false,"template":"","format":"standard","meta":{"footnotes":""},"categories":[28],"tags":[],"_links":{"self":[{"href":"https:\/\/www.nachhaltigkeit-ingna.ch\/wordpress\/wp-json\/wp\/v2\/posts\/2957"}],"collection":[{"href":"https:\/\/www.nachhaltigkeit-ingna.ch\/wordpress\/wp-json\/wp\/v2\/posts"}],"about":[{"href":"https:\/\/www.nachhaltigkeit-ingna.ch\/wordpress\/wp-json\/wp\/v2\/types\/post"}],"author":[{"embeddable":true,"href":"https:\/\/www.nachhaltigkeit-ingna.ch\/wordpress\/wp-json\/wp\/v2\/users\/4"}],"replies":[{"embeddable":true,"href":"https:\/\/www.nachhaltigkeit-ingna.ch\/wordpress\/wp-json\/wp\/v2\/comments?post=2957"}],"version-history":[{"count":5,"href":"https:\/\/www.nachhaltigkeit-ingna.ch\/wordpress\/wp-json\/wp\/v2\/posts\/2957\/revisions"}],"predecessor-version":[{"id":3020,"href":"https:\/\/www.nachhaltigkeit-ingna.ch\/wordpress\/wp-json\/wp\/v2\/posts\/2957\/revisions\/3020"}],"wp:featuredmedia":[{"embeddable":true,"href":"https:\/\/www.nachhaltigkeit-ingna.ch\/wordpress\/wp-json\/wp\/v2\/media\/2846"}],"wp:attachment":[{"href":"https:\/\/www.nachhaltigkeit-ingna.ch\/wordpress\/wp-json\/wp\/v2\/media?parent=2957"}],"wp:term":[{"taxonomy":"category","embeddable":true,"href":"https:\/\/www.nachhaltigkeit-ingna.ch\/wordpress\/wp-json\/wp\/v2\/categories?post=2957"},{"taxonomy":"post_tag","embeddable":true,"href":"https:\/\/www.nachhaltigkeit-ingna.ch\/wordpress\/wp-json\/wp\/v2\/tags?post=2957"}],"curies":[{"name":"wp","href":"https:\/\/api.w.org\/{rel}","templated":true}]}}