{"id":2923,"date":"2018-03-29T08:56:54","date_gmt":"2018-03-29T06:56:54","guid":{"rendered":"http:\/\/www.nachhaltigkeit-ingna.ch\/wordpress\/wordpress\/?p=2923"},"modified":"2018-04-01T11:31:45","modified_gmt":"2018-04-01T09:31:45","slug":"blog_schimmel_180329","status":"publish","type":"post","link":"https:\/\/www.nachhaltigkeit-ingna.ch\/wordpress\/blog_schimmel_180329\/","title":{"rendered":"Ostern &#8211; doch die Schimmel &#8211; Saison ist noch nicht beendet!"},"content":{"rendered":"<p>Einige hartn\u00e4ckige Schimmel &#8211; Befallsfl\u00e4chen und Feuchtesch\u00e4den &#8211; F\u00e4lle konnten wir wieder in dieser Saison bearbeiten und l\u00f6sen.<\/p>\n<p><strong>Schimmel<\/strong> rsp. Schimmelspren sind einer der h\u00e4ufigsten Innenraumbelastungen, wenn es \u00a0zu Sensibilisierungen\/ Allergien beim Menschen kommt.<\/p>\n<p>Haben auch Sie Verdachtsmomente\/ Schimmelbefall?<\/p>\n<p>&nbsp;<\/p>\n<p>Es zeichnet sich f\u00fcr uns deutlich folgendes <strong>Vorgehen<\/strong> ab:<\/p>\n<p><strong>Schimmelauftreten<\/strong> im Innenraum durch Feuchte- woher?<\/p>\n<ul>\n<li>Ursachenabkl\u00e4rung: Bauphysik \/ Schimmelanalytik<\/li>\n<\/ul>\n<p>Zus\u00e4tzlich oft<\/p>\n<ul>\n<li>Abkl\u00e4rung der <strong>gesundheitlichen Relevanz<\/strong>: Luftproben und Labor und oder Gen-Analysen<\/li>\n<\/ul>\n<p>&nbsp;<\/p>\n<p>Aus Ergebnissen des Erstuntersuchs:<\/p>\n<ul>\n<li>Konzept der <strong>Sanierung<\/strong>: Ziel:langfristig <strong>ohne Schimmelbelastung<\/strong> bleiben<\/li>\n<\/ul>\n<p>Bei <strong>unsichtbaren Schimmelbef\u00e4llen<\/strong> und Geruch\/positivem Erstbefund:<\/p>\n<p>Zusatzabkl\u00e4rung: Schimmel-Suchhunde-Staffel wird eingesetzt; gezielte Orstangabe verringert den Sanierungsaufwand- wie im Bild<\/p>\n<p><a href=\"https:\/\/www.srf.ch\/sendungen\/kassensturz-espresso\/themen\/wohnen\/unsichtbarer-schimmel-im-haus-hunde-finden-ihn\">\u00a0\u00a0\u00a0\u00a0\u00a0\u00a0\u00a0\u00a0\u00a0\u00a0\u00a0\u00a0\u00a0\u00a0 https:\/\/www.srf.ch\/sendungen\/kassensturz-espresso\/themen\/wohnen\/unsichtbarer-schimmel-im-haus-hunde-finden-ihn<\/a><\/p>\n<ul>\n<li><strong>Schimmelsanierung<\/strong> von Raumnutzern bei Kleinstf\u00e4llen oder Profi-Sanierer bei gr\u00f6sseren Ausmassen.<br \/>\nBAG: Brosch\u00fcre empfiehlt Vorgehen<\/li>\n<li><strong>Sanierungskontrolle<\/strong> mit der modernsten Technik: <strong>Optoforensik<\/strong><br \/>\nDa sehen wir auch noch unter der Farbe \u2013 sollte bereits gestrichen worden sein &#8211; vor Ort, ob es noch wachstumsf\u00e4hige Schimmelsporen auf der Oberfl\u00e4che hat.<\/li>\n<\/ul>\n<p>&nbsp;<\/p>\n<p>Frohe Ostern w\u00fcnsche ich Ihnen von Herzen. Adrian Nussbaumer<\/p>\n<p>Ich bin froh legen die Schimmelpilz-Sporen nicht noch Eier \u2026..<br \/>\n==&gt; Bei Schimmelpilz &#8211; Befall im Innenraum: alles aus einer Hand : <a href=\"http:\/\/www.nachhaltigkeit-ingna.ch\/wordpress\/wordpress\/messtechnik\/pilze-bakterien-allergene\/\">www.nachhaltigkeit-ingna.ch\/messtechnik\/pilze-bakterien-allergene\/<\/a><\/p>\n","protected":false},"excerpt":{"rendered":"<p>Einige hartn\u00e4ckige Schimmel &#8211; Befallsfl\u00e4chen und Feuchtesch\u00e4den &#8211; F\u00e4lle konnten wir wieder in dieser Saison bearbeiten und l\u00f6sen. Schimmel rsp. Schimmelspren sind einer der h\u00e4ufigsten Innenraumbelastungen, wenn es \u00a0zu Sensibilisierungen\/ Allergien beim Menschen kommt. Haben auch Sie Verdachtsmomente\/ Schimmelbefall? &nbsp; Es zeichnet sich f\u00fcr uns deutlich folgendes Vorgehen ab: Schimmelauftreten im Innenraum durch Feuchte- woher? [&hellip;]<\/p>\n","protected":false},"author":4,"featured_media":0,"comment_status":"open","ping_status":"open","sticky":false,"template":"","format":"standard","meta":{"footnotes":""},"categories":[15],"tags":[30,29,20,21],"_links":{"self":[{"href":"https:\/\/www.nachhaltigkeit-ingna.ch\/wordpress\/wp-json\/wp\/v2\/posts\/2923"}],"collection":[{"href":"https:\/\/www.nachhaltigkeit-ingna.ch\/wordpress\/wp-json\/wp\/v2\/posts"}],"about":[{"href":"https:\/\/www.nachhaltigkeit-ingna.ch\/wordpress\/wp-json\/wp\/v2\/types\/post"}],"author":[{"embeddable":true,"href":"https:\/\/www.nachhaltigkeit-ingna.ch\/wordpress\/wp-json\/wp\/v2\/users\/4"}],"replies":[{"embeddable":true,"href":"https:\/\/www.nachhaltigkeit-ingna.ch\/wordpress\/wp-json\/wp\/v2\/comments?post=2923"}],"version-history":[{"count":5,"href":"https:\/\/www.nachhaltigkeit-ingna.ch\/wordpress\/wp-json\/wp\/v2\/posts\/2923\/revisions"}],"predecessor-version":[{"id":2971,"href":"https:\/\/www.nachhaltigkeit-ingna.ch\/wordpress\/wp-json\/wp\/v2\/posts\/2923\/revisions\/2971"}],"wp:attachment":[{"href":"https:\/\/www.nachhaltigkeit-ingna.ch\/wordpress\/wp-json\/wp\/v2\/media?parent=2923"}],"wp:term":[{"taxonomy":"category","embeddable":true,"href":"https:\/\/www.nachhaltigkeit-ingna.ch\/wordpress\/wp-json\/wp\/v2\/categories?post=2923"},{"taxonomy":"post_tag","embeddable":true,"href":"https:\/\/www.nachhaltigkeit-ingna.ch\/wordpress\/wp-json\/wp\/v2\/tags?post=2923"}],"curies":[{"name":"wp","href":"https:\/\/api.w.org\/{rel}","templated":true}]}}