{"id":2653,"date":"2017-09-10T13:33:36","date_gmt":"2017-09-10T13:33:36","guid":{"rendered":"http:\/\/www.nachhaltigkeit-ingna.ch\/wordpress\/wordpress\/?p=2653"},"modified":"2018-03-22T16:21:49","modified_gmt":"2018-03-22T15:21:49","slug":"schimmelpilz-im-innenraum-saisonauftakt-2017","status":"publish","type":"post","link":"https:\/\/www.nachhaltigkeit-ingna.ch\/wordpress\/schimmelpilz-im-innenraum-saisonauftakt-2017\/","title":{"rendered":"Schimmelpilz im Innenraum: Saisonauftakt 2017\/18 !"},"content":{"rendered":"<p>Mit <strong>Pauken und Trompeten<\/strong> hat die Schimmelsaison begonnen. Letzte Woche hatten die kleinen Mikroben Ihren grossen Auftritt: <strong>\u00dcber 1 Mio. Euro<\/strong> soll die Sanierung des Schimmelbefalls im erst k\u00fcrzlich er\u00f6ffneten Geb\u00e4ude der <strong>Elbphilharmonie Hamburg<\/strong> kosten!<\/p>\n<p>FAZ &#8211; Frankfurter Allgemeine Zeitung \/ Die S\u00fcddeutsche Zeitung \/ diverse Online-Portale kannten im Thema \/ Geb\u00e4ude und Kosten nur ein Thema:<br \/>\n<a href=\"https:\/\/www.welt.de\/newsticker\/dpa_nt\/afxline\/topthemen\/article168251580\/Schimmel-in-der-Elbphilharmonie.html\" target=\"_blank\" rel=\"noopener\">https:\/\/www.welt.de\/newsticker\/dpa_nt\/afxline\/topthemen\/article168251580\/Schimmel-in-der-Elbphilharmonie.html<br \/>\n<\/a>In der Schweiz erschienen auch Artikel (wer lieber h\u00f6rt als liest):<br \/>\n<a href=\"http:\/\/www.srf.ch\/feed\/podcast\/sd\/686a908d-b5c7-4be6-8e22-e8a752f5a122.xml\" target=\"_blank\" rel=\"noopener\">http:\/\/www.srf.ch\/feed\/podcast\/sd\/686a908d-b5c7-4be6-8e22-e8a752f5a122.xml<\/a><\/p>\n<p>Neben all der \u00abunn\u00f6tigen\u00bb Sanierungs-Investition und den Nachfolgeproblemen von Ger\u00fcchen \/ Ungeziefer etc. die mit den Darstellungen einhergehen, werden die Probleme wieder mal beleuchtet &#8211; das Haupthema bleibt etwas im Hintergrund: Entstehung und Gesundheitsaspekte f\u00fcr die Raumnutzer!<\/p>\n<p><strong>Entstehung:<\/strong><br \/>\nSchimmelpilzsporen sind immer und \u00fcberall (ubiquit\u00e4r) &#8211; wo Luft ist, sind auch Schimmelsporen.<br \/>\nDie Sporen gedeihen zu ausgewachsenen Pilzen, wenn sie <strong>Nahrung und Wasser<\/strong> haben:<br \/>\n<strong>Nahrung<\/strong> finden die Sporen mit den heute als \u00abStandard\u00bb verwendeten Baumaterialien fast \u00fcberall \u2013 fehlt noch Wasser.<\/p>\n<p><strong>Wasser<\/strong> in Geb\u00e4uden:<br \/>\na) Geb\u00e4ude-Manko: Wassersch\u00e4den von aussen und innen \/ Feuchtesch\u00e4den \/ D\u00e4mmungssch\u00e4den \/ Teil-Geb\u00e4ude-Energiesanierung \/ altes Haus mit neuem Wohnstil \/ allgemein Geb\u00e4ude-Undichtigkeiten<\/p>\n<p>b) Nutzerverhalten: Tropenklima im Inneraum durch viele Pflanzen \/ grosse Aquarien \/ gesamte frischgewaschene W\u00e4sche in kleinen Zimmern trocknen lassen \/ wenig Pr\u00e4senzzeit im Innenraum f\u00fcr ein gen\u00fcgendes L\u00fcftungsmanagement. Als Hinweis mag dienen: Normale zivilisatorische Wohnungsnutzung einer 4-k\u00f6pfigen Familie ergibt ca. <strong>10 Liter Wasserdampf pro Tag<\/strong> \u2013 wohin mit dieser Steigerung der Luftfeuchte?<\/p>\n<p>==&gt; So k\u00f6nnen sichtbar und unsichtbar Schimmelpilzbew\u00fcchse gedeihen und ihre negativen Wirkung in die Innenr\u00e4ume \u00abauslassen\u00bb.<\/p>\n<p><strong>Die Folgen f\u00fcr die Raumnutzer k\u00f6nnen sehr vielf\u00e4ltig sein:<\/strong><br \/>\nAsthma, Sensibilisierung der Schleimh\u00e4ute mit steten Augen- oder Nasenproblemen, teilweise Hautprobleme etc.<\/p>\n<h3><strong>Schimmelpilzbew\u00fcchse geh\u00f6ren nicht in den Innenraum, lassen Sie es nicht so weit kommen!<\/strong><\/h3>\n<p>Adrian Nussbaumer &#8211; dipl. Ing. (FH) &#8211; Geb\u00e4udeauditor SNBS &amp; DGNB ( Schweiz)<\/p>\n<p><strong>Mehr Infos unter: <a href=\"http:\/\/www.nachhaltigkeit-ingna.ch\/wordpress\/wordpress\/messtechnik\/pilze-bakterien-allergene\/\">\/messtechnik\/pilze-bakterien-allergene\/<\/a><\/strong><\/p>\n","protected":false},"excerpt":{"rendered":"<p>Mit Pauken und Trompeten hat die Schimmelsaison begonnen. Letzte Woche hatten die kleinen Mikroben Ihren grossen Auftritt: \u00dcber 1 Mio. Euro soll die Sanierung des Schimmelbefalls im erst k\u00fcrzlich er\u00f6ffneten Geb\u00e4ude der Elbphilharmonie Hamburg kosten! FAZ &#8211; Frankfurter Allgemeine Zeitung \/ Die S\u00fcddeutsche Zeitung \/ diverse Online-Portale kannten im Thema \/ Geb\u00e4ude und Kosten nur [&hellip;]<\/p>\n","protected":false},"author":4,"featured_media":0,"comment_status":"open","ping_status":"open","sticky":false,"template":"","format":"standard","meta":{"footnotes":""},"categories":[15],"tags":[22,27,24,26,19,25,20,21,23],"_links":{"self":[{"href":"https:\/\/www.nachhaltigkeit-ingna.ch\/wordpress\/wp-json\/wp\/v2\/posts\/2653"}],"collection":[{"href":"https:\/\/www.nachhaltigkeit-ingna.ch\/wordpress\/wp-json\/wp\/v2\/posts"}],"about":[{"href":"https:\/\/www.nachhaltigkeit-ingna.ch\/wordpress\/wp-json\/wp\/v2\/types\/post"}],"author":[{"embeddable":true,"href":"https:\/\/www.nachhaltigkeit-ingna.ch\/wordpress\/wp-json\/wp\/v2\/users\/4"}],"replies":[{"embeddable":true,"href":"https:\/\/www.nachhaltigkeit-ingna.ch\/wordpress\/wp-json\/wp\/v2\/comments?post=2653"}],"version-history":[{"count":17,"href":"https:\/\/www.nachhaltigkeit-ingna.ch\/wordpress\/wp-json\/wp\/v2\/posts\/2653\/revisions"}],"predecessor-version":[{"id":2934,"href":"https:\/\/www.nachhaltigkeit-ingna.ch\/wordpress\/wp-json\/wp\/v2\/posts\/2653\/revisions\/2934"}],"wp:attachment":[{"href":"https:\/\/www.nachhaltigkeit-ingna.ch\/wordpress\/wp-json\/wp\/v2\/media?parent=2653"}],"wp:term":[{"taxonomy":"category","embeddable":true,"href":"https:\/\/www.nachhaltigkeit-ingna.ch\/wordpress\/wp-json\/wp\/v2\/categories?post=2653"},{"taxonomy":"post_tag","embeddable":true,"href":"https:\/\/www.nachhaltigkeit-ingna.ch\/wordpress\/wp-json\/wp\/v2\/tags?post=2653"}],"curies":[{"name":"wp","href":"https:\/\/api.w.org\/{rel}","templated":true}]}}